{"id":939,"__str__":"Projeto de Lei do Legislativo n\u00ba 5 de 2019","link_detail_backend":"/materia/939","metadata":{},"numero":5,"ano":2019,"numero_protocolo":277,"data_apresentacao":"2019-05-06","tipo_apresentacao":"E","data_publicacao":null,"numero_origem_externa":"","ano_origem_externa":null,"data_origem_externa":null,"apelido":"","dias_prazo":null,"data_fim_prazo":null,"em_tramitacao":false,"polemica":null,"objeto":"","complementar":null,"ementa":"Altera a lei complementar n\u00ba 103/2018 que disciplina o zoneamento da sede do munic\u00edpio e uso e ocupa\u00e7\u00e3o do solo urbano.","indexacao":"","observacao":"","resultado":"","texto_original":"http://sapl.querencia.mt.leg.br/media/sapl/public/materialegislativa/2019/939/projeto_de_lei05.pdf","data_ultima_atualizacao":"2019-06-04T07:32:48.922705-03:00","ip":"","ultima_edicao":null,"tipo":6,"regime_tramitacao":1,"tipo_origem_externa":null,"local_origem_externa":null,"user":null,"anexadas":[],"autores":[25,10]}