{"id":801,"__str__":"Mo\u00e7\u00e3o de Congratula\u00e7\u00e3o n\u00ba 1 de 2018","link_detail_backend":"/materia/801","metadata":{},"numero":1,"ano":2018,"numero_protocolo":667,"data_apresentacao":"2018-12-03","tipo_apresentacao":"E","data_publicacao":null,"numero_origem_externa":"","ano_origem_externa":null,"data_origem_externa":null,"apelido":"","dias_prazo":null,"data_fim_prazo":null,"em_tramitacao":false,"polemica":null,"objeto":"","complementar":null,"ementa":"Mo\u00e7\u00e3o de Congratula\u00e7\u00e3o ao Sras. Divani Pires do Amaral, Ivani Kerkhoff Candiotto e  Jacinta Meinerz, pelos servi\u00e7os prestados como as primeiras enfermeiras  frente da sa\u00fade do Munic\u00edpio de Quer\u00eancia MT.","indexacao":"","observacao":"","resultado":"","texto_original":"http://sapl.querencia.mt.leg.br/media/sapl/public/materialegislativa/2018/801/amocao_enfermeiras_0541.pdf","data_ultima_atualizacao":"2018-12-04T16:45:26.045308-02:00","ip":"","ultima_edicao":null,"tipo":7,"regime_tramitacao":1,"tipo_origem_externa":null,"local_origem_externa":null,"user":null,"anexadas":[],"autores":[25]}