{"id":2521,"__str__":"Projeto de Lei Complementar n\u00ba 10 de 2023","link_detail_backend":"/materia/2521","metadata":{"signs":{"texto_original":{"admin":[],"autores":[["Fernando Gorgen",["2023-08-09T08:38:06-03:00","ICP-Brasil - Certificado PF A1"]]]}}},"numero":10,"ano":2023,"numero_protocolo":382,"data_apresentacao":"2023-08-09","tipo_apresentacao":"E","data_publicacao":null,"numero_origem_externa":"","ano_origem_externa":null,"data_origem_externa":null,"apelido":"","dias_prazo":null,"data_fim_prazo":null,"em_tramitacao":false,"polemica":false,"objeto":"","complementar":false,"ementa":"Altera a Lei Complementar n\u00ba 97/2017 que disp\u00f5e sobre a Reforma da Estrutura Administrativa Organizacional da Prefeitura Municipal de Quer\u00eancia-MT, e d\u00e1 outras provid\u00eancias.","indexacao":"","observacao":"","resultado":"","texto_original":"http://sapl.querencia.mt.leg.br/media/sapl/public/materialegislativa/2023/2521/plc_010.2023-_altera_a_lei_complementar_n.097_-_2017_3.pdf","data_ultima_atualizacao":"2023-09-18T11:30:43.394426-03:00","ip":"45.236.213.9","ultima_edicao":"2023-08-18T11:57:54.620912-03:00","tipo":5,"regime_tramitacao":1,"tipo_origem_externa":null,"local_origem_externa":null,"user":44,"anexadas":[],"autores":[1]}