{"id":151,"__str__":"Parecer Comiss\u00e3o Fiscaliza\u00e7\u00e3o e Exec. Or\u00e7ament\u00e1ria n\u00ba 16 de 2016","link_detail_backend":"/materia/151","metadata":{},"numero":16,"ano":2016,"numero_protocolo":null,"data_apresentacao":"2016-03-22","tipo_apresentacao":"E","data_publicacao":null,"numero_origem_externa":"","ano_origem_externa":null,"data_origem_externa":null,"apelido":"","dias_prazo":null,"data_fim_prazo":null,"em_tramitacao":false,"polemica":null,"objeto":"","complementar":null,"ementa":"PARECER AO PLC 003/2016 QUE DISP\u00d5E SOBRE A ALTERA\u00c7\u00c3O DOS INCISOS I, II, III E IV, DO ARTIGO 28 DA LEI COMPLEMENTAR N\u00ba. 090/2015 E D\u00c1 OUTRAS PROVID\u00caNCIAS.","indexacao":"","observacao":"","resultado":"","texto_original":"http://sapl.querencia.mt.leg.br/media/sapl/public/materialegislativa/2016/151/151_texto_integral.doc","data_ultima_atualizacao":"2021-05-18T09:30:28.822274-03:00","ip":"","ultima_edicao":null,"tipo":11,"regime_tramitacao":1,"tipo_origem_externa":null,"local_origem_externa":null,"user":null,"anexadas":[],"autores":[]}