{"id":13,"__str__":"Emenda Aditiva n\u00ba 13 de 2015","link_detail_backend":"/materia/13","metadata":{},"numero":13,"ano":2015,"numero_protocolo":null,"data_apresentacao":"2015-06-18","tipo_apresentacao":"","data_publicacao":null,"numero_origem_externa":"","ano_origem_externa":null,"data_origem_externa":null,"apelido":"","dias_prazo":null,"data_fim_prazo":null,"em_tramitacao":true,"polemica":false,"objeto":"","complementar":false,"ementa":"EMENDA ADITIVA AO PROJETO DE LEI MUNICIPAL N\u00ba. 013/2015 QUE DISP\u00d5E SOBRE O PROJETO ADOTE UMA PRA\u00c7A NO MUNIC\u00cdPIO DE QUER\u00caNCIA - MT. ","indexacao":"","observacao":"","resultado":"","texto_original":"http://sapl.querencia.mt.leg.br/media/sapl/public/materialegislativa/2015/13/13_texto_integral.pdf","data_ultima_atualizacao":"2018-10-05T09:48:49.172272-03:00","ip":"","ultima_edicao":null,"tipo":10,"regime_tramitacao":1,"tipo_origem_externa":10,"local_origem_externa":null,"user":null,"anexadas":[],"autores":[]}