{"id":972,"__str__":"Of\u00edcio - Resposta da Indica\u00e7\u00e3o de 29/11/2019 por Poder Executivo","link_detail_backend":"/materia/documentoacessorio/972","metadata":{},"nome":"Resposta da Indica\u00e7\u00e3o","data":"2019-11-29","autor":"Poder Executivo","ementa":"Resposta da Indica\u00e7\u00e3o pelo Poder Executivo.","indexacao":"","arquivo":"http://sapl.querencia.mt.leg.br/media/sapl/public/documentoacessorio/2019/972/151.pdf","data_ultima_atualizacao":"2019-11-29T09:20:24.989212-03:00","materia":1131,"tipo":8}