{"id":540,"__str__":"Primeira Reda\u00e7\u00e3o da Proposi\u00e7\u00e3o - REDANTERIOR de 20/06/2018 por Fernando Gorgen","link_detail_backend":"/materia/documentoacessorio/540","metadata":{},"nome":"REDANTERIOR","data":"2018-06-20","autor":"Fernando Gorgen","ementa":"PRIMEIRA REDA\u00c7\u00c3O APRESENTADA PELO PODER EXECUTIVO","indexacao":"","arquivo":"http://sapl.querencia.mt.leg.br/media/sapl/public/documentoacessorio/2018/540/540.pdf","data_ultima_atualizacao":"2018-10-05T09:48:47.229997-03:00","materia":580,"tipo":21}