{"id":474,"__str__":"Primeira Reda\u00e7\u00e3o da Proposi\u00e7\u00e3o - PLO0152018 de 19/04/2018 por Fernando Gorgen","link_detail_backend":"/materia/documentoacessorio/474","metadata":{},"nome":"PLO0152018","data":"2018-04-19","autor":"Fernando Gorgen","ementa":"PRIMEIRA REDA\u00c7\u00c3O APRESENTADA PELO PODER EXECUTIVO O QUAL FOI SUBSTITU\u00cdDO AP\u00d3S REUNI\u00c3O COM O PODER EXECUTIVO, MOTIVADO AP\u00d3S PEDIDO DE VISTA DA MAT\u00c9RIA PELO VEREADOR DOMINGOS ROBERTI. NOVO PROJETO APRESENTADO VIA PROT. 205/2018, MANTENDO-SE A PRIMEIRA NUMERA\u00c7\u00c3O DE PROTOCOLO DEVIDO A NUMERA\u00c7\u00c3O E TRAMITA\u00c7\u00c3O DA MAT\u00c9RIA LEGISLATIVA JUNTO AO SAPL.","indexacao":"","arquivo":"http://sapl.querencia.mt.leg.br/media/sapl/public/documentoacessorio/2018/474/474.pdf","data_ultima_atualizacao":"2018-10-05T09:48:47.224988-03:00","materia":577,"tipo":21}