{"id":2659,"__str__":"Anexo ao Projeto - MEMORIAL DESCRITIVO VISTA BELA - PAVIMENTA\u00c7\u00c3O E TE de 02/04/2024 por Fernando Gorgen","link_detail_backend":"/materia/documentoacessorio/2659","metadata":{"signs":{"arquivo":{"admin":[],"autores":[["Luana Rodrigues Santos",["2023-07-23T18:00:18-03:00","ICP-Brasil"]]]}}},"nome":"MEMORIAL DESCRITIVO VISTA BELA - PAVIMENTA\u00c7\u00c3O E TE","data":"2024-04-02","autor":"Fernando Gorgen","ementa":"MEMORIAL DESCRITIVO VISTA BELA - PAVIMENTA\u00c7\u00c3O E TERRAPLANAGEM","indexacao":"","arquivo":"http://sapl.querencia.mt.leg.br/media/sapl/public/documentoacessorio/2024/2659/memorial_descritivo_vista_bela_-_pavimentacao_e_terraplanagem_-_assinado.pdf","data_ultima_atualizacao":"2024-04-02T10:39:18.610015-03:00","materia":3282,"tipo":15}