{"id":2634,"__str__":"Anexo ao Projeto - Planilha or\u00e7ament\u00e1ria de 28/03/2024 por Fernando Gorgen","link_detail_backend":"/materia/documentoacessorio/2634","metadata":{},"nome":"Planilha or\u00e7ament\u00e1ria","data":"2024-03-28","autor":"Fernando Gorgen","ementa":"Planilha or\u00e7ament\u00e1ria","indexacao":"","arquivo":"http://sapl.querencia.mt.leg.br/media/sapl/public/documentoacessorio/2024/2634/planilha_orcamentaria_-_cronograma_3.pdf","data_ultima_atualizacao":"2024-03-28T11:25:14.000450-03:00","materia":3284,"tipo":15}