{"id":2470,"__str__":"Parecer Jur\u00eddico - parecer juridico 53/2023 de 21/08/2023 por KELLY CRISTINA ROSA MACHADO DE AGUIAR","link_detail_backend":"/materia/documentoacessorio/2470","metadata":{},"nome":"parecer juridico 53/2023","data":"2023-08-21","autor":"KELLY CRISTINA ROSA MACHADO DE AGUIAR","ementa":"dispoe sobre reajuste salarial aos profissionais da educa\u00e7\u00e3o vinculados a secretaria de educa\u00e7\u00e3o","indexacao":"","arquivo":"http://sapl.querencia.mt.leg.br/media/sapl/public/documentoacessorio/2023/2470/53-2023_reajuste_dos_profissionais_da_educacao.pdf","data_ultima_atualizacao":"2023-08-21T10:21:05.624393-03:00","materia":2515,"tipo":1}