{"id":2390,"__str__":"Anexo ao Projeto - Memorial sinaliza\u00e7\u00e3o de 10/08/2023 por ","link_detail_backend":"/materia/documentoacessorio/2390","metadata":{},"nome":"Memorial sinaliza\u00e7\u00e3o","data":"2023-08-10","autor":"","ementa":"","indexacao":"","arquivo":"http://sapl.querencia.mt.leg.br/media/sapl/public/documentoacessorio/2023/2390/projeto_jardim_betis_-_sinalizacao-layout1.pdf","data_ultima_atualizacao":"2023-08-10T11:32:28.630851-03:00","materia":2520,"tipo":15}