{"id":2266,"__str__":"Of\u00edcio - Subistitu\u00ed\u00e7\u00e3o de 07/03/2023 por Fernando Gorgen","link_detail_backend":"/materia/documentoacessorio/2266","metadata":{},"nome":"Subistitu\u00ed\u00e7\u00e3o","data":"2023-03-07","autor":"Fernando Gorgen","ementa":"Substitui\u00e7\u00e3o da reda\u00e7\u00e3o do projeto","indexacao":"","arquivo":"http://sapl.querencia.mt.leg.br/media/sapl/public/documentoacessorio/2023/2266/of_susb_plo_09202320230307.pdf","data_ultima_atualizacao":"2023-03-07T12:37:13.028568-03:00","materia":2380,"tipo":8}