{"id":1967,"__str__":"Anexo ao Projeto - Memorial sinaliza\u00e7\u00e3o de 26/04/2022 por ","link_detail_backend":"/materia/documentoacessorio/1967","metadata":{},"nome":"Memorial sinaliza\u00e7\u00e3o","data":"2022-04-26","autor":"","ementa":"","indexacao":"","arquivo":"http://sapl.querencia.mt.leg.br/media/sapl/public/documentoacessorio/2022/1967/9.5.2_memorial_descritivo_-_sinalizacao.pdf","data_ultima_atualizacao":"2022-04-26T09:58:23.216870-03:00","materia":2178,"tipo":15}