{"id":1055,"__str__":"Of\u00edcio - Resposta a Indica\u00e7\u00e3o de 21/02/2020 por Poder Executivo","link_detail_backend":"/materia/documentoacessorio/1055","metadata":{},"nome":"Resposta a Indica\u00e7\u00e3o","data":"2020-02-21","autor":"Poder Executivo","ementa":"Resposta a Indica\u00e7\u00e3o 002/2020","indexacao":"","arquivo":"http://sapl.querencia.mt.leg.br/media/sapl/public/documentoacessorio/2020/1055/ind_002.pdf","data_ultima_atualizacao":"2020-02-21T08:08:49.037162-03:00","materia":1223,"tipo":8}